{"id":2,"name":"Anna Safiatou Tour\u00e9","url":"https:\/\/annasafiatoutoure.com\/fr\/","description":"Anna Safiatou Tour\u00e9 (1996) est une artiste pluridisciplinaire franco-malienne install\u00e9e \u00e0 Bruxelles. Son travail explore l\u2019espace qui unit ou s\u00e9pare les deux faces de tout r\u00e9cit migratoire.","link":"https:\/\/annasafiatoutoure.com\/en\/author\/anna\/","slug":"anna","avatar_urls":{"24":"https:\/\/secure.gravatar.com\/avatar\/80acc3f21a9273a246d71fd98ce4d74d530044486fbc26304f12e0603cdcdd09?s=24&d=mm&r=g","48":"https:\/\/secure.gravatar.com\/avatar\/80acc3f21a9273a246d71fd98ce4d74d530044486fbc26304f12e0603cdcdd09?s=48&d=mm&r=g","96":"https:\/\/secure.gravatar.com\/avatar\/80acc3f21a9273a246d71fd98ce4d74d530044486fbc26304f12e0603cdcdd09?s=96&d=mm&r=g"},"meta":[],"yoast_head":"<!-- This site is optimized with the Yoast SEO plugin v27.1.1 - https:\/\/yoast.com\/product\/yoast-seo-wordpress\/ -->\n<title>Anna Safiatou Tour\u00e9, auteur\/autrice sur Anna Safiatou Tour\u00e9<\/title>\n<meta name=\"robots\" content=\"index, follow, max-snippet:-1, max-image-preview:large, max-video-preview:-1\" \/>\n<link rel=\"canonical\" href=\"https:\/\/annasafiatoutoure.com\/en\/author\/anna\/\" \/>\n<meta property=\"og:locale\" content=\"en_US\" \/>\n<meta property=\"og:type\" content=\"profile\" \/>\n<meta property=\"og:title\" content=\"Anna Safiatou Tour\u00e9, auteur\/autrice sur Anna Safiatou Tour\u00e9\" \/>\n<meta property=\"og:url\" content=\"https:\/\/annasafiatoutoure.com\/en\/author\/anna\/\" \/>\n<meta property=\"og:site_name\" content=\"Anna Safiatou Tour\u00e9\" \/>\n<meta property=\"og:image\" content=\"https:\/\/secure.gravatar.com\/avatar\/80acc3f21a9273a246d71fd98ce4d74d530044486fbc26304f12e0603cdcdd09?s=500&d=mm&r=g\" \/>\n<meta name=\"twitter:card\" content=\"summary_large_image\" \/>\n<script type=\"application\/ld+json\" class=\"yoast-schema-graph\">{\"@context\":\"https:\/\/schema.org\",\"@graph\":[{\"@type\":\"ProfilePage\",\"@id\":\"https:\/\/annasafiatoutoure.com\/fr\/author\/anna\/\",\"url\":\"https:\/\/annasafiatoutoure.com\/fr\/author\/anna\/\",\"name\":\"Anna Safiatou Tour\u00e9, auteur\/autrice sur Anna Safiatou Tour\u00e9\",\"isPartOf\":{\"@id\":\"https:\/\/annasafiatoutoure.com\/#website\"},\"breadcrumb\":{\"@id\":\"https:\/\/annasafiatoutoure.com\/fr\/author\/anna\/#breadcrumb\"},\"inLanguage\":\"en-US\",\"potentialAction\":[{\"@type\":\"ReadAction\",\"target\":[\"https:\/\/annasafiatoutoure.com\/fr\/author\/anna\/\"]}]},{\"@type\":\"BreadcrumbList\",\"@id\":\"https:\/\/annasafiatoutoure.com\/fr\/author\/anna\/#breadcrumb\",\"itemListElement\":[{\"@type\":\"ListItem\",\"position\":1,\"name\":\"Accueil\",\"item\":\"https:\/\/annasafiatoutoure.com\/\"},{\"@type\":\"ListItem\",\"position\":2,\"name\":\"Archives pour Anna Safiatou Tour\u00e9\"}]},{\"@type\":\"WebSite\",\"@id\":\"https:\/\/annasafiatoutoure.com\/#website\",\"url\":\"https:\/\/annasafiatoutoure.com\/\",\"name\":\"Anna Safiatou Tour\u00e9\",\"description\":\"Anna Safiatou Tour\u00e9 (1996) est une artiste pluridisciplinaire franco-malienne install\u00e9e \u00e0 Bruxelles.\",\"publisher\":{\"@id\":\"https:\/\/annasafiatoutoure.com\/#\/schema\/person\/4cd416b0df5d7a1162361a9252576bc9\"},\"potentialAction\":[{\"@type\":\"SearchAction\",\"target\":{\"@type\":\"EntryPoint\",\"urlTemplate\":\"https:\/\/annasafiatoutoure.com\/?s={search_term_string}\"},\"query-input\":{\"@type\":\"PropertyValueSpecification\",\"valueRequired\":true,\"valueName\":\"search_term_string\"}}],\"inLanguage\":\"en-US\"},{\"@type\":[\"Person\",\"Organization\"],\"@id\":\"https:\/\/annasafiatoutoure.com\/#\/schema\/person\/4cd416b0df5d7a1162361a9252576bc9\",\"name\":\"Anna Safiatou Tour\u00e9\",\"image\":{\"@type\":\"ImageObject\",\"inLanguage\":\"en-US\",\"@id\":\"https:\/\/annasafiatoutoure.com\/#\/schema\/person\/image\/\",\"url\":\"https:\/\/annasafiatoutoure.com\/wp-content\/uploads\/2025\/04\/cropped-ICONE-PORTAIL-e1745240783873.png\",\"contentUrl\":\"https:\/\/annasafiatoutoure.com\/wp-content\/uploads\/2025\/04\/cropped-ICONE-PORTAIL-e1745240783873.png\",\"width\":512,\"height\":512,\"caption\":\"Anna Safiatou Tour\u00e9\"},\"logo\":{\"@id\":\"https:\/\/annasafiatoutoure.com\/#\/schema\/person\/image\/\"},\"description\":\"Anna Safiatou Tour\u00e9 (1996) est une artiste pluridisciplinaire franco-malienne install\u00e9e \u00e0 Bruxelles. Son travail explore l\u2019espace qui unit ou s\u00e9pare les deux faces de tout r\u00e9cit migratoire.\",\"sameAs\":[\"https:\/\/annasafiatoutoure.com\/fr\/\",\"https:\/\/www.facebook.com\/anna.toure.505523\/\",\"https:\/\/www.instagram.com\/safiatou_anna_toure\/\"],\"mainEntityOfPage\":{\"@id\":\"https:\/\/annasafiatoutoure.com\/fr\/author\/anna\/\"}}]}<\/script>\n<!-- \/ Yoast SEO plugin. -->","yoast_head_json":{"title":"Anna Safiatou Tour\u00e9, auteur\/autrice sur Anna Safiatou Tour\u00e9","robots":{"index":"index","follow":"follow","max-snippet":"max-snippet:-1","max-image-preview":"max-image-preview:large","max-video-preview":"max-video-preview:-1"},"canonical":"https:\/\/annasafiatoutoure.com\/en\/author\/anna\/","og_locale":"en_US","og_type":"profile","og_title":"Anna Safiatou Tour\u00e9, auteur\/autrice sur Anna Safiatou Tour\u00e9","og_url":"https:\/\/annasafiatoutoure.com\/en\/author\/anna\/","og_site_name":"Anna Safiatou Tour\u00e9","og_image":[{"url":"https:\/\/secure.gravatar.com\/avatar\/80acc3f21a9273a246d71fd98ce4d74d530044486fbc26304f12e0603cdcdd09?s=500&d=mm&r=g","type":"","width":"","height":""}],"twitter_card":"summary_large_image","schema":{"@context":"https:\/\/schema.org","@graph":[{"@type":"ProfilePage","@id":"https:\/\/annasafiatoutoure.com\/fr\/author\/anna\/","url":"https:\/\/annasafiatoutoure.com\/fr\/author\/anna\/","name":"Anna Safiatou Tour\u00e9, auteur\/autrice sur Anna Safiatou Tour\u00e9","isPartOf":{"@id":"https:\/\/annasafiatoutoure.com\/#website"},"breadcrumb":{"@id":"https:\/\/annasafiatoutoure.com\/fr\/author\/anna\/#breadcrumb"},"inLanguage":"en-US","potentialAction":[{"@type":"ReadAction","target":["https:\/\/annasafiatoutoure.com\/fr\/author\/anna\/"]}]},{"@type":"BreadcrumbList","@id":"https:\/\/annasafiatoutoure.com\/fr\/author\/anna\/#breadcrumb","itemListElement":[{"@type":"ListItem","position":1,"name":"Accueil","item":"https:\/\/annasafiatoutoure.com\/"},{"@type":"ListItem","position":2,"name":"Archives pour Anna Safiatou Tour\u00e9"}]},{"@type":"WebSite","@id":"https:\/\/annasafiatoutoure.com\/#website","url":"https:\/\/annasafiatoutoure.com\/","name":"Anna Safiatou Tour\u00e9","description":"Anna Safiatou Tour\u00e9 (1996) est une artiste pluridisciplinaire franco-malienne install\u00e9e \u00e0 Bruxelles.","publisher":{"@id":"https:\/\/annasafiatoutoure.com\/#\/schema\/person\/4cd416b0df5d7a1162361a9252576bc9"},"potentialAction":[{"@type":"SearchAction","target":{"@type":"EntryPoint","urlTemplate":"https:\/\/annasafiatoutoure.com\/?s={search_term_string}"},"query-input":{"@type":"PropertyValueSpecification","valueRequired":true,"valueName":"search_term_string"}}],"inLanguage":"en-US"},{"@type":["Person","Organization"],"@id":"https:\/\/annasafiatoutoure.com\/#\/schema\/person\/4cd416b0df5d7a1162361a9252576bc9","name":"Anna Safiatou Tour\u00e9","image":{"@type":"ImageObject","inLanguage":"en-US","@id":"https:\/\/annasafiatoutoure.com\/#\/schema\/person\/image\/","url":"https:\/\/annasafiatoutoure.com\/wp-content\/uploads\/2025\/04\/cropped-ICONE-PORTAIL-e1745240783873.png","contentUrl":"https:\/\/annasafiatoutoure.com\/wp-content\/uploads\/2025\/04\/cropped-ICONE-PORTAIL-e1745240783873.png","width":512,"height":512,"caption":"Anna Safiatou Tour\u00e9"},"logo":{"@id":"https:\/\/annasafiatoutoure.com\/#\/schema\/person\/image\/"},"description":"Anna Safiatou Tour\u00e9 (1996) est une artiste pluridisciplinaire franco-malienne install\u00e9e \u00e0 Bruxelles. Son travail explore l\u2019espace qui unit ou s\u00e9pare les deux faces de tout r\u00e9cit migratoire.","sameAs":["https:\/\/annasafiatoutoure.com\/fr\/","https:\/\/www.facebook.com\/anna.toure.505523\/","https:\/\/www.instagram.com\/safiatou_anna_toure\/"],"mainEntityOfPage":{"@id":"https:\/\/annasafiatoutoure.com\/fr\/author\/anna\/"}}]}},"_links":{"self":[{"href":"https:\/\/annasafiatoutoure.com\/en\/wp-json\/wp\/v2\/users\/2","targetHints":{"allow":["GET"]}}],"collection":[{"href":"https:\/\/annasafiatoutoure.com\/en\/wp-json\/wp\/v2\/users"}]}}