{"id":3,"count":10,"description":"","link":"https:\/\/annasafiatoutoure.com\/fr\/category\/projects\/","name":"projects","slug":"projects","taxonomy":"category","parent":0,"meta":[],"yoast_head":"<!-- This site is optimized with the Yoast SEO plugin v27.1.1 - https:\/\/yoast.com\/product\/yoast-seo-wordpress\/ -->\n<title>Archives des projects - Anna Safiatou Tour\u00e9<\/title>\n<meta name=\"robots\" content=\"index, follow, max-snippet:-1, max-image-preview:large, max-video-preview:-1\" \/>\n<link rel=\"canonical\" href=\"https:\/\/annasafiatoutoure.com\/fr\/category\/projects\/\" \/>\n<meta property=\"og:locale\" content=\"fr_FR\" \/>\n<meta property=\"og:type\" content=\"article\" \/>\n<meta property=\"og:title\" content=\"Archives des projects - Anna Safiatou Tour\u00e9\" \/>\n<meta property=\"og:url\" content=\"https:\/\/annasafiatoutoure.com\/fr\/category\/projects\/\" \/>\n<meta property=\"og:site_name\" content=\"Anna Safiatou Tour\u00e9\" \/>\n<meta property=\"og:image\" content=\"https:\/\/annasafiatoutoure.com\/wp-content\/uploads\/2023\/04\/Capture-decran-2023-04-14-a-12.19.11-1024x640.png\" \/>\n\t<meta property=\"og:image:width\" content=\"1024\" \/>\n\t<meta property=\"og:image:height\" content=\"640\" \/>\n\t<meta property=\"og:image:type\" content=\"image\/png\" \/>\n<meta name=\"twitter:card\" content=\"summary_large_image\" \/>\n<script type=\"application\/ld+json\" class=\"yoast-schema-graph\">{\"@context\":\"https:\/\/schema.org\",\"@graph\":[{\"@type\":\"CollectionPage\",\"@id\":\"https:\/\/annasafiatoutoure.com\/category\/projects\/\",\"url\":\"https:\/\/annasafiatoutoure.com\/category\/projects\/\",\"name\":\"Archives des projects - Anna Safiatou Tour\u00e9\",\"isPartOf\":{\"@id\":\"https:\/\/annasafiatoutoure.com\/#website\"},\"breadcrumb\":{\"@id\":\"https:\/\/annasafiatoutoure.com\/category\/projects\/#breadcrumb\"},\"inLanguage\":\"fr-FR\"},{\"@type\":\"BreadcrumbList\",\"@id\":\"https:\/\/annasafiatoutoure.com\/category\/projects\/#breadcrumb\",\"itemListElement\":[{\"@type\":\"ListItem\",\"position\":1,\"name\":\"Accueil\",\"item\":\"https:\/\/annasafiatoutoure.com\/\"},{\"@type\":\"ListItem\",\"position\":2,\"name\":\"projects\"}]},{\"@type\":\"WebSite\",\"@id\":\"https:\/\/annasafiatoutoure.com\/#website\",\"url\":\"https:\/\/annasafiatoutoure.com\/\",\"name\":\"Anna Safiatou Tour\u00e9\",\"description\":\"Anna Safiatou Tour\u00e9 (1996) est une artiste pluridisciplinaire franco-malienne install\u00e9e \u00e0 Bruxelles.\",\"publisher\":{\"@id\":\"https:\/\/annasafiatoutoure.com\/#\/schema\/person\/4cd416b0df5d7a1162361a9252576bc9\"},\"potentialAction\":[{\"@type\":\"SearchAction\",\"target\":{\"@type\":\"EntryPoint\",\"urlTemplate\":\"https:\/\/annasafiatoutoure.com\/?s={search_term_string}\"},\"query-input\":{\"@type\":\"PropertyValueSpecification\",\"valueRequired\":true,\"valueName\":\"search_term_string\"}}],\"inLanguage\":\"fr-FR\"},{\"@type\":[\"Person\",\"Organization\"],\"@id\":\"https:\/\/annasafiatoutoure.com\/#\/schema\/person\/4cd416b0df5d7a1162361a9252576bc9\",\"name\":\"Anna Safiatou Tour\u00e9\",\"image\":{\"@type\":\"ImageObject\",\"inLanguage\":\"fr-FR\",\"@id\":\"https:\/\/annasafiatoutoure.com\/#\/schema\/person\/image\/\",\"url\":\"https:\/\/annasafiatoutoure.com\/wp-content\/uploads\/2025\/04\/cropped-ICONE-PORTAIL-e1745240783873.png\",\"contentUrl\":\"https:\/\/annasafiatoutoure.com\/wp-content\/uploads\/2025\/04\/cropped-ICONE-PORTAIL-e1745240783873.png\",\"width\":512,\"height\":512,\"caption\":\"Anna Safiatou Tour\u00e9\"},\"logo\":{\"@id\":\"https:\/\/annasafiatoutoure.com\/#\/schema\/person\/image\/\"},\"description\":\"Anna Safiatou Tour\u00e9 (1996) est une artiste pluridisciplinaire franco-malienne install\u00e9e \u00e0 Bruxelles. Son travail explore l\u2019espace qui unit ou s\u00e9pare les deux faces de tout r\u00e9cit migratoire.\",\"sameAs\":[\"https:\/\/annasafiatoutoure.com\/fr\/\",\"https:\/\/www.facebook.com\/anna.toure.505523\/\",\"https:\/\/www.instagram.com\/safiatou_anna_toure\/\"]}]}<\/script>\n<!-- \/ Yoast SEO plugin. -->","yoast_head_json":{"title":"Archives des projects - Anna Safiatou Tour\u00e9","robots":{"index":"index","follow":"follow","max-snippet":"max-snippet:-1","max-image-preview":"max-image-preview:large","max-video-preview":"max-video-preview:-1"},"canonical":"https:\/\/annasafiatoutoure.com\/fr\/category\/projects\/","og_locale":"fr_FR","og_type":"article","og_title":"Archives des projects - Anna Safiatou Tour\u00e9","og_url":"https:\/\/annasafiatoutoure.com\/fr\/category\/projects\/","og_site_name":"Anna Safiatou Tour\u00e9","og_image":[{"width":1024,"height":640,"url":"https:\/\/annasafiatoutoure.com\/wp-content\/uploads\/2023\/04\/Capture-decran-2023-04-14-a-12.19.11-1024x640.png","type":"image\/png"}],"twitter_card":"summary_large_image","schema":{"@context":"https:\/\/schema.org","@graph":[{"@type":"CollectionPage","@id":"https:\/\/annasafiatoutoure.com\/category\/projects\/","url":"https:\/\/annasafiatoutoure.com\/category\/projects\/","name":"Archives des projects - Anna Safiatou Tour\u00e9","isPartOf":{"@id":"https:\/\/annasafiatoutoure.com\/#website"},"breadcrumb":{"@id":"https:\/\/annasafiatoutoure.com\/category\/projects\/#breadcrumb"},"inLanguage":"fr-FR"},{"@type":"BreadcrumbList","@id":"https:\/\/annasafiatoutoure.com\/category\/projects\/#breadcrumb","itemListElement":[{"@type":"ListItem","position":1,"name":"Accueil","item":"https:\/\/annasafiatoutoure.com\/"},{"@type":"ListItem","position":2,"name":"projects"}]},{"@type":"WebSite","@id":"https:\/\/annasafiatoutoure.com\/#website","url":"https:\/\/annasafiatoutoure.com\/","name":"Anna Safiatou Tour\u00e9","description":"Anna Safiatou Tour\u00e9 (1996) est une artiste pluridisciplinaire franco-malienne install\u00e9e \u00e0 Bruxelles.","publisher":{"@id":"https:\/\/annasafiatoutoure.com\/#\/schema\/person\/4cd416b0df5d7a1162361a9252576bc9"},"potentialAction":[{"@type":"SearchAction","target":{"@type":"EntryPoint","urlTemplate":"https:\/\/annasafiatoutoure.com\/?s={search_term_string}"},"query-input":{"@type":"PropertyValueSpecification","valueRequired":true,"valueName":"search_term_string"}}],"inLanguage":"fr-FR"},{"@type":["Person","Organization"],"@id":"https:\/\/annasafiatoutoure.com\/#\/schema\/person\/4cd416b0df5d7a1162361a9252576bc9","name":"Anna Safiatou Tour\u00e9","image":{"@type":"ImageObject","inLanguage":"fr-FR","@id":"https:\/\/annasafiatoutoure.com\/#\/schema\/person\/image\/","url":"https:\/\/annasafiatoutoure.com\/wp-content\/uploads\/2025\/04\/cropped-ICONE-PORTAIL-e1745240783873.png","contentUrl":"https:\/\/annasafiatoutoure.com\/wp-content\/uploads\/2025\/04\/cropped-ICONE-PORTAIL-e1745240783873.png","width":512,"height":512,"caption":"Anna Safiatou Tour\u00e9"},"logo":{"@id":"https:\/\/annasafiatoutoure.com\/#\/schema\/person\/image\/"},"description":"Anna Safiatou Tour\u00e9 (1996) est une artiste pluridisciplinaire franco-malienne install\u00e9e \u00e0 Bruxelles. Son travail explore l\u2019espace qui unit ou s\u00e9pare les deux faces de tout r\u00e9cit migratoire.","sameAs":["https:\/\/annasafiatoutoure.com\/fr\/","https:\/\/www.facebook.com\/anna.toure.505523\/","https:\/\/www.instagram.com\/safiatou_anna_toure\/"]}]}},"_links":{"self":[{"href":"https:\/\/annasafiatoutoure.com\/fr\/wp-json\/wp\/v2\/categories\/3","targetHints":{"allow":["GET"]}}],"collection":[{"href":"https:\/\/annasafiatoutoure.com\/fr\/wp-json\/wp\/v2\/categories"}],"about":[{"href":"https:\/\/annasafiatoutoure.com\/fr\/wp-json\/wp\/v2\/taxonomies\/category"}],"wp:post_type":[{"href":"https:\/\/annasafiatoutoure.com\/fr\/wp-json\/wp\/v2\/posts?categories=3"}],"curies":[{"name":"wp","href":"https:\/\/api.w.org\/{rel}","templated":true}]}}